{"id":233,"date":"2021-12-25T22:01:38","date_gmt":"2021-12-26T01:01:38","guid":{"rendered":"https:\/\/crp11.org.br\/?p=233"},"modified":"2024-09-16T09:24:30","modified_gmt":"2024-09-16T12:24:30","slug":"noticias","status":"publish","type":"post","link":"https:\/\/crp11.org.br\/?p=233","title":{"rendered":"Not\u00edcias"},"content":{"rendered":"\t\t<div data-elementor-type=\"wp-post\" data-elementor-id=\"233\" class=\"elementor elementor-233\" data-elementor-post-type=\"post\">\n\t\t\t\t\t\t<section class=\"elementor-section elementor-top-section elementor-element elementor-element-b29f90c elementor-section-boxed elementor-section-height-default elementor-section-height-default\" data-id=\"b29f90c\" data-element_type=\"section\">\n\t\t\t\t\t\t<div class=\"elementor-container elementor-column-gap-default\">\n\t\t\t\t\t<div class=\"elementor-column elementor-col-100 elementor-top-column elementor-element elementor-element-2045308\" data-id=\"2045308\" data-element_type=\"column\">\n\t\t\t<div class=\"elementor-widget-wrap elementor-element-populated\">\n\t\t\t\t\t\t<div class=\"elementor-element elementor-element-61083fa elementor-widget elementor-widget-heading\" data-id=\"61083fa\" data-element_type=\"widget\" data-widget_type=\"heading.default\">\n\t\t\t\t<div class=\"elementor-widget-container\">\n\t\t\t\t\t<h2 class=\"elementor-heading-title elementor-size-default\">Not\u00edcias e Eventos<\/h2>\t\t\t\t<\/div>\n\t\t\t\t<\/div>\n\t\t\t\t\t<\/div>\n\t\t<\/div>\n\t\t\t\t\t<\/div>\n\t\t<\/section>\n\t\t\t\t<section class=\"elementor-section elementor-top-section elementor-element elementor-element-8bd1c11 elementor-section-boxed elementor-section-height-default elementor-section-height-default\" data-id=\"8bd1c11\" data-element_type=\"section\">\n\t\t\t\t\t\t<div class=\"elementor-container elementor-column-gap-default\">\n\t\t\t\t\t<div class=\"elementor-column elementor-col-100 elementor-top-column elementor-element elementor-element-ca5e4f5\" data-id=\"ca5e4f5\" data-element_type=\"column\">\n\t\t\t<div class=\"elementor-widget-wrap elementor-element-populated\">\n\t\t\t\t\t\t<div class=\"elementor-element elementor-element-2493936 elementor-grid-eael-col-4 elementor-grid-tablet-eael-col-2 elementor-grid-mobile-eael-col-1 elementor-widget elementor-widget-eael-post-grid\" data-id=\"2493936\" data-element_type=\"widget\" data-settings=\"{&quot;eael_post_grid_columns&quot;:&quot;eael-col-4&quot;,&quot;eael_post_grid_columns_tablet&quot;:&quot;eael-col-2&quot;,&quot;eael_post_grid_columns_mobile&quot;:&quot;eael-col-1&quot;}\" data-widget_type=\"eael-post-grid.default\">\n\t\t\t\t<div class=\"elementor-widget-container\">\n\t\t\t\t\t<div id=\"eael-post-grid-2493936\" class=\"eael-post-grid-container\">\n            <div class=\"eael-post-grid eael-post-appender eael-post-appender-2493936 eael-post-grid-style-one\" data-layout-mode=\"masonry\"><article class=\"eael-grid-post eael-post-grid-column\" data-id=\"6044\">\n        <div class=\"eael-grid-post-holder\">\n            <div class=\"eael-grid-post-holder-inner\"><div class=\"eael-entry-media\"><div class=\"eael-entry-overlay fade-in\"><i class=\"fas fa-long-arrow-alt-right\" aria-hidden=\"true\"><\/i><a href=\"https:\/\/crp11.org.br\/?p=6044\"><\/a><\/div><div class=\"eael-entry-thumbnail \">\n                <img fetchpriority=\"high\" decoding=\"async\" width=\"240\" height=\"300\" src=\"https:\/\/crp11.org.br\/wp-content\/uploads\/2026\/04\/WhatsApp-Image-2026-04-10-at-18.42.00-240x300.jpeg\" class=\"attachment-medium size-medium wp-image-6045\" alt=\"\" srcset=\"https:\/\/crp11.org.br\/wp-content\/uploads\/2026\/04\/WhatsApp-Image-2026-04-10-at-18.42.00-240x300.jpeg 240w, https:\/\/crp11.org.br\/wp-content\/uploads\/2026\/04\/WhatsApp-Image-2026-04-10-at-18.42.00-819x1024.jpeg 819w, https:\/\/crp11.org.br\/wp-content\/uploads\/2026\/04\/WhatsApp-Image-2026-04-10-at-18.42.00-768x960.jpeg 768w, https:\/\/crp11.org.br\/wp-content\/uploads\/2026\/04\/WhatsApp-Image-2026-04-10-at-18.42.00.jpeg 1080w\" sizes=\"(max-width: 240px) 100vw, 240px\" \/>\n            <\/div>\n        <\/div><div class=\"eael-entry-wrapper\"><header class=\"eael-entry-header\"><h2 class=\"eael-entry-title\"><a\n                        class=\"eael-grid-post-link\"\n                        href=\"https:\/\/crp11.org.br\/?p=6044\"\n                        title=\"CRP11 orienta sobre agendamento para retirada da Carteira de Identidade Profissiona\">CRP11 orienta sobre agendamento para retirada da Carteira de Identidade Profissiona<\/a><\/h2><\/header><div class=\"eael-entry-header-after\"><div class=\"eael-entry-meta\"><span class=\"eael-posted-on\"><time datetime=\"13 de abril de 2026\">13 de abril de 2026<\/time><\/span><\/div><\/div><div class=\"eael-entry-content\">\n                        <div class=\"eael-grid-post-excerpt\"><p>\u00a0 \u00a0 \u00a0 Informamos que j\u00e1 est\u00e1 dispon\u00edvel o agendamento...<\/p><a href=\"https:\/\/crp11.org.br\/?p=6044\" class=\"eael-post-elements-readmore-btn\">Leia mais...<\/a><\/div>\n                    <\/div><\/div><\/div>\n        <\/div>\n    <\/article><article class=\"eael-grid-post eael-post-grid-column\" data-id=\"6038\">\n        <div class=\"eael-grid-post-holder\">\n            <div class=\"eael-grid-post-holder-inner\"><div class=\"eael-entry-media\"><div class=\"eael-entry-overlay fade-in\"><i class=\"fas fa-long-arrow-alt-right\" aria-hidden=\"true\"><\/i><a href=\"https:\/\/crp11.org.br\/?p=6038\"><\/a><\/div><div class=\"eael-entry-thumbnail \">\n                <img decoding=\"async\" width=\"240\" height=\"300\" src=\"https:\/\/crp11.org.br\/wp-content\/uploads\/2026\/04\/WhatsApp-Image-2026-04-09-at-14.53.03-240x300.jpeg\" class=\"attachment-medium size-medium wp-image-6039\" alt=\"\" srcset=\"https:\/\/crp11.org.br\/wp-content\/uploads\/2026\/04\/WhatsApp-Image-2026-04-09-at-14.53.03-240x300.jpeg 240w, https:\/\/crp11.org.br\/wp-content\/uploads\/2026\/04\/WhatsApp-Image-2026-04-09-at-14.53.03-819x1024.jpeg 819w, https:\/\/crp11.org.br\/wp-content\/uploads\/2026\/04\/WhatsApp-Image-2026-04-09-at-14.53.03-768x960.jpeg 768w, https:\/\/crp11.org.br\/wp-content\/uploads\/2026\/04\/WhatsApp-Image-2026-04-09-at-14.53.03.jpeg 1080w\" sizes=\"(max-width: 240px) 100vw, 240px\" \/>\n            <\/div>\n        <\/div><div class=\"eael-entry-wrapper\"><header class=\"eael-entry-header\"><h2 class=\"eael-entry-title\"><a\n                        class=\"eael-grid-post-link\"\n                        href=\"https:\/\/crp11.org.br\/?p=6038\"\n                        title=\"Comunicado Oficial \u2013 CRP-11\">Comunicado Oficial \u2013 CRP-11<\/a><\/h2><\/header><div class=\"eael-entry-header-after\"><div class=\"eael-entry-meta\"><span class=\"eael-posted-on\"><time datetime=\"9 de abril de 2026\">9 de abril de 2026<\/time><\/span><\/div><\/div><div class=\"eael-entry-content\">\n                        <div class=\"eael-grid-post-excerpt\"><p>\u00a0 \u00a0 O Conselho Regional de Psicologia da 11\u00aa Regi\u00e3o...<\/p><a href=\"https:\/\/crp11.org.br\/?p=6038\" class=\"eael-post-elements-readmore-btn\">Leia mais...<\/a><\/div>\n                    <\/div><\/div><\/div>\n        <\/div>\n    <\/article><article class=\"eael-grid-post eael-post-grid-column\" data-id=\"6021\">\n        <div class=\"eael-grid-post-holder\">\n            <div class=\"eael-grid-post-holder-inner\"><div class=\"eael-entry-media\"><div class=\"eael-entry-overlay fade-in\"><i class=\"fas fa-long-arrow-alt-right\" aria-hidden=\"true\"><\/i><a href=\"https:\/\/crp11.org.br\/?p=6021\"><\/a><\/div><div class=\"eael-entry-thumbnail \">\n                <img decoding=\"async\" width=\"200\" height=\"300\" src=\"https:\/\/crp11.org.br\/wp-content\/uploads\/2026\/03\/WhatsApp-Image-2026-03-10-at-14.41.21-200x300.jpeg\" class=\"attachment-medium size-medium wp-image-6022\" alt=\"\" srcset=\"https:\/\/crp11.org.br\/wp-content\/uploads\/2026\/03\/WhatsApp-Image-2026-03-10-at-14.41.21-200x300.jpeg 200w, https:\/\/crp11.org.br\/wp-content\/uploads\/2026\/03\/WhatsApp-Image-2026-03-10-at-14.41.21-683x1024.jpeg 683w, https:\/\/crp11.org.br\/wp-content\/uploads\/2026\/03\/WhatsApp-Image-2026-03-10-at-14.41.21-768x1152.jpeg 768w, https:\/\/crp11.org.br\/wp-content\/uploads\/2026\/03\/WhatsApp-Image-2026-03-10-at-14.41.21.jpeg 1024w\" sizes=\"(max-width: 200px) 100vw, 200px\" \/>\n            <\/div>\n        <\/div><div class=\"eael-entry-wrapper\"><header class=\"eael-entry-header\"><h2 class=\"eael-entry-title\"><a\n                        class=\"eael-grid-post-link\"\n                        href=\"https:\/\/crp11.org.br\/?p=6021\"\n                        title=\"CRP-11 fortalece rede de benef\u00edcios para a categoria com o programa \u201cParcerias no Cuidado\u201d\">CRP-11 fortalece rede de benef\u00edcios para a categoria com o programa \u201cParcerias no Cuidado\u201d<\/a><\/h2><\/header><div class=\"eael-entry-header-after\"><div class=\"eael-entry-meta\"><span class=\"eael-posted-on\"><time datetime=\"10 de mar\u00e7o de 2026\">10 de mar\u00e7o de 2026<\/time><\/span><\/div><\/div><div class=\"eael-entry-content\">\n                        <div class=\"eael-grid-post-excerpt\"><p>\u00a0 \u00a0 O Conselho Regional de Psicologia da 11\u00aa Regi\u00e3o...<\/p><a href=\"https:\/\/crp11.org.br\/?p=6021\" class=\"eael-post-elements-readmore-btn\">Leia mais...<\/a><\/div>\n                    <\/div><\/div><\/div>\n        <\/div>\n    <\/article><article class=\"eael-grid-post eael-post-grid-column\" data-id=\"6015\">\n        <div class=\"eael-grid-post-holder\">\n            <div class=\"eael-grid-post-holder-inner\"><div class=\"eael-entry-media\"><div class=\"eael-entry-overlay fade-in\"><i class=\"fas fa-long-arrow-alt-right\" aria-hidden=\"true\"><\/i><a href=\"https:\/\/crp11.org.br\/?p=6015\"><\/a><\/div><div class=\"eael-entry-thumbnail \">\n                <img loading=\"lazy\" decoding=\"async\" width=\"300\" height=\"202\" src=\"https:\/\/crp11.org.br\/wp-content\/uploads\/2026\/03\/WhatsApp-Image-2026-03-10-at-14.41.09-300x202.jpeg\" class=\"attachment-medium size-medium wp-image-6016\" alt=\"\" srcset=\"https:\/\/crp11.org.br\/wp-content\/uploads\/2026\/03\/WhatsApp-Image-2026-03-10-at-14.41.09-300x202.jpeg 300w, https:\/\/crp11.org.br\/wp-content\/uploads\/2026\/03\/WhatsApp-Image-2026-03-10-at-14.41.09-1024x689.jpeg 1024w, https:\/\/crp11.org.br\/wp-content\/uploads\/2026\/03\/WhatsApp-Image-2026-03-10-at-14.41.09-768x517.jpeg 768w, https:\/\/crp11.org.br\/wp-content\/uploads\/2026\/03\/WhatsApp-Image-2026-03-10-at-14.41.09.jpeg 1080w\" sizes=\"(max-width: 300px) 100vw, 300px\" \/>\n            <\/div>\n        <\/div><div class=\"eael-entry-wrapper\"><header class=\"eael-entry-header\"><h2 class=\"eael-entry-title\"><a\n                        class=\"eael-grid-post-link\"\n                        href=\"https:\/\/crp11.org.br\/?p=6015\"\n                        title=\"CRP-11 alerta para riscos de retrocessos na sa\u00fade mental de crian\u00e7as e adolescentes com avan\u00e7o de projetos de lei\">CRP-11 alerta para riscos de retrocessos na sa\u00fade mental de crian\u00e7as e adolescentes com avan\u00e7o de projetos de lei<\/a><\/h2><\/header><div class=\"eael-entry-header-after\"><div class=\"eael-entry-meta\"><span class=\"eael-posted-on\"><time datetime=\"10 de mar\u00e7o de 2026\">10 de mar\u00e7o de 2026<\/time><\/span><\/div><\/div><div class=\"eael-entry-content\">\n                        <div class=\"eael-grid-post-excerpt\"><p>\u00a0 \u00a0 O Conselho Regional de Psicologia da 11\u00aa Regi\u00e3o...<\/p><a href=\"https:\/\/crp11.org.br\/?p=6015\" class=\"eael-post-elements-readmore-btn\">Leia mais...<\/a><\/div>\n                    <\/div><\/div><\/div>\n        <\/div>\n    <\/article><article class=\"eael-grid-post eael-post-grid-column\" data-id=\"5986\">\n        <div class=\"eael-grid-post-holder\">\n            <div class=\"eael-grid-post-holder-inner\"><div class=\"eael-entry-media\"><div class=\"eael-entry-overlay fade-in\"><i class=\"fas fa-long-arrow-alt-right\" aria-hidden=\"true\"><\/i><a href=\"https:\/\/crp11.org.br\/?p=5986\"><\/a><\/div><div class=\"eael-entry-thumbnail \">\n                <img loading=\"lazy\" decoding=\"async\" width=\"240\" height=\"300\" src=\"https:\/\/crp11.org.br\/wp-content\/uploads\/2026\/02\/WhatsApp-Image-2026-02-18-at-18.29.04-240x300.jpeg\" class=\"attachment-medium size-medium wp-image-5987\" alt=\"\" srcset=\"https:\/\/crp11.org.br\/wp-content\/uploads\/2026\/02\/WhatsApp-Image-2026-02-18-at-18.29.04-240x300.jpeg 240w, https:\/\/crp11.org.br\/wp-content\/uploads\/2026\/02\/WhatsApp-Image-2026-02-18-at-18.29.04-819x1024.jpeg 819w, https:\/\/crp11.org.br\/wp-content\/uploads\/2026\/02\/WhatsApp-Image-2026-02-18-at-18.29.04-768x960.jpeg 768w, https:\/\/crp11.org.br\/wp-content\/uploads\/2026\/02\/WhatsApp-Image-2026-02-18-at-18.29.04.jpeg 1080w\" sizes=\"(max-width: 240px) 100vw, 240px\" \/>\n            <\/div>\n        <\/div><div class=\"eael-entry-wrapper\"><header class=\"eael-entry-header\"><h2 class=\"eael-entry-title\"><a\n                        class=\"eael-grid-post-link\"\n                        href=\"https:\/\/crp11.org.br\/?p=5986\"\n                        title=\"Conhe\u00e7a a equipe CREPOP do CRP-11 (Cear\u00e1)\">Conhe\u00e7a a equipe CREPOP do CRP-11 (Cear\u00e1)<\/a><\/h2><\/header><div class=\"eael-entry-header-after\"><div class=\"eael-entry-meta\"><span class=\"eael-posted-on\"><time datetime=\"19 de fevereiro de 2026\">19 de fevereiro de 2026<\/time><\/span><\/div><\/div><div class=\"eael-entry-content\">\n                        <div class=\"eael-grid-post-excerpt\"><p>\u00a0 \u00a0 Conhe\u00e7a a equipe CREPOP do CRP-11 (Cear\u00e1) O...<\/p><a href=\"https:\/\/crp11.org.br\/?p=5986\" class=\"eael-post-elements-readmore-btn\">Leia mais...<\/a><\/div>\n                    <\/div><\/div><\/div>\n        <\/div>\n    <\/article><article class=\"eael-grid-post eael-post-grid-column\" data-id=\"5979\">\n        <div class=\"eael-grid-post-holder\">\n            <div class=\"eael-grid-post-holder-inner\"><div class=\"eael-entry-media\"><div class=\"eael-entry-overlay fade-in\"><i class=\"fas fa-long-arrow-alt-right\" aria-hidden=\"true\"><\/i><a href=\"https:\/\/crp11.org.br\/?p=5979\"><\/a><\/div><div class=\"eael-entry-thumbnail \">\n                <img loading=\"lazy\" decoding=\"async\" width=\"240\" height=\"300\" src=\"https:\/\/crp11.org.br\/wp-content\/uploads\/2026\/02\/WhatsApp-Image-2026-02-11-at-14.04.03-240x300.jpeg\" class=\"attachment-medium size-medium wp-image-5980\" alt=\"\" srcset=\"https:\/\/crp11.org.br\/wp-content\/uploads\/2026\/02\/WhatsApp-Image-2026-02-11-at-14.04.03-240x300.jpeg 240w, https:\/\/crp11.org.br\/wp-content\/uploads\/2026\/02\/WhatsApp-Image-2026-02-11-at-14.04.03-819x1024.jpeg 819w, https:\/\/crp11.org.br\/wp-content\/uploads\/2026\/02\/WhatsApp-Image-2026-02-11-at-14.04.03-768x960.jpeg 768w, https:\/\/crp11.org.br\/wp-content\/uploads\/2026\/02\/WhatsApp-Image-2026-02-11-at-14.04.03.jpeg 1080w\" sizes=\"(max-width: 240px) 100vw, 240px\" \/>\n            <\/div>\n        <\/div><div class=\"eael-entry-wrapper\"><header class=\"eael-entry-header\"><h2 class=\"eael-entry-title\"><a\n                        class=\"eael-grid-post-link\"\n                        href=\"https:\/\/crp11.org.br\/?p=5979\"\n                        title=\"Comunicado \u2013 Hor\u00e1rio de funcionamento no per\u00edodo de Carnaval\">Comunicado \u2013 Hor\u00e1rio de funcionamento no per\u00edodo de Carnaval<\/a><\/h2><\/header><div class=\"eael-entry-header-after\"><div class=\"eael-entry-meta\"><span class=\"eael-posted-on\"><time datetime=\"11 de fevereiro de 2026\">11 de fevereiro de 2026<\/time><\/span><\/div><\/div><div class=\"eael-entry-content\">\n                        <div class=\"eael-grid-post-excerpt\"><p>\u00a0 \u00a0 Informamos que, em raz\u00e3o do per\u00edodo de Carnaval,...<\/p><a href=\"https:\/\/crp11.org.br\/?p=5979\" class=\"eael-post-elements-readmore-btn\">Leia mais...<\/a><\/div>\n                    <\/div><\/div><\/div>\n        <\/div>\n    <\/article><article class=\"eael-grid-post eael-post-grid-column\" data-id=\"5818\">\n        <div class=\"eael-grid-post-holder\">\n            <div class=\"eael-grid-post-holder-inner\"><div class=\"eael-entry-media\"><div class=\"eael-entry-overlay fade-in\"><i class=\"fas fa-long-arrow-alt-right\" aria-hidden=\"true\"><\/i><a href=\"https:\/\/crp11.org.br\/?p=5818\"><\/a><\/div><div class=\"eael-entry-thumbnail \">\n                <img loading=\"lazy\" decoding=\"async\" width=\"240\" height=\"300\" src=\"https:\/\/crp11.org.br\/wp-content\/uploads\/2025\/12\/CardRedesSociais-240x300.png\" class=\"attachment-medium size-medium wp-image-5819\" alt=\"\" srcset=\"https:\/\/crp11.org.br\/wp-content\/uploads\/2025\/12\/CardRedesSociais-240x300.png 240w, https:\/\/crp11.org.br\/wp-content\/uploads\/2025\/12\/CardRedesSociais-819x1024.png 819w, https:\/\/crp11.org.br\/wp-content\/uploads\/2025\/12\/CardRedesSociais-768x960.png 768w, https:\/\/crp11.org.br\/wp-content\/uploads\/2025\/12\/CardRedesSociais.png 1080w\" sizes=\"(max-width: 240px) 100vw, 240px\" \/>\n            <\/div>\n        <\/div><div class=\"eael-entry-wrapper\"><header class=\"eael-entry-header\"><h2 class=\"eael-entry-title\"><a\n                        class=\"eael-grid-post-link\"\n                        href=\"https:\/\/crp11.org.br\/?p=5818\"\n                        title=\"Palavras que ecoam: no marco do Dia Internacional dos Direitos Humanos, CFP destaca atua\u00e7\u00e3o da Psicologia para o fortalecimento das pol\u00edticas garantidoras de direitos\">Palavras que ecoam: no marco do Dia Internacional dos Direitos Humanos, CFP destaca atua\u00e7\u00e3o da Psicologia para o fortalecimento das pol\u00edticas garantidoras de direitos<\/a><\/h2><\/header><div class=\"eael-entry-header-after\"><div class=\"eael-entry-meta\"><span class=\"eael-posted-on\"><time datetime=\"11 de dezembro de 2025\">11 de dezembro de 2025<\/time><\/span><\/div><\/div><div class=\"eael-entry-content\">\n                        <div class=\"eael-grid-post-excerpt\"><p>\u00a0 A\u00e7\u00e3o em v\u00eddeo da Comiss\u00e3o de Direitos Humanos do...<\/p><a href=\"https:\/\/crp11.org.br\/?p=5818\" class=\"eael-post-elements-readmore-btn\">Leia mais...<\/a><\/div>\n                    <\/div><\/div><\/div>\n        <\/div>\n    <\/article><article class=\"eael-grid-post eael-post-grid-column\" data-id=\"5753\">\n        <div class=\"eael-grid-post-holder\">\n            <div class=\"eael-grid-post-holder-inner\"><div class=\"eael-entry-media\"><div class=\"eael-entry-overlay fade-in\"><i class=\"fas fa-long-arrow-alt-right\" aria-hidden=\"true\"><\/i><a href=\"https:\/\/crp11.org.br\/?p=5753\"><\/a><\/div><div class=\"eael-entry-thumbnail \">\n                <img loading=\"lazy\" decoding=\"async\" width=\"300\" height=\"225\" src=\"https:\/\/crp11.org.br\/wp-content\/uploads\/2025\/12\/Imagem-do-WhatsApp-de-2025-12-02-as-11.42.11_7890f9d6-300x225.jpg\" class=\"attachment-medium size-medium wp-image-5754\" alt=\"\" srcset=\"https:\/\/crp11.org.br\/wp-content\/uploads\/2025\/12\/Imagem-do-WhatsApp-de-2025-12-02-as-11.42.11_7890f9d6-300x225.jpg 300w, https:\/\/crp11.org.br\/wp-content\/uploads\/2025\/12\/Imagem-do-WhatsApp-de-2025-12-02-as-11.42.11_7890f9d6-1024x768.jpg 1024w, https:\/\/crp11.org.br\/wp-content\/uploads\/2025\/12\/Imagem-do-WhatsApp-de-2025-12-02-as-11.42.11_7890f9d6-768x576.jpg 768w, https:\/\/crp11.org.br\/wp-content\/uploads\/2025\/12\/Imagem-do-WhatsApp-de-2025-12-02-as-11.42.11_7890f9d6.jpg 1280w\" sizes=\"(max-width: 300px) 100vw, 300px\" \/>\n            <\/div>\n        <\/div><div class=\"eael-entry-wrapper\"><header class=\"eael-entry-header\"><h2 class=\"eael-entry-title\"><a\n                        class=\"eael-grid-post-link\"\n                        href=\"https:\/\/crp11.org.br\/?p=5753\"\n                        title=\"CRP-11 sedia IX F\u00f3rum Nordeste de Diretorias e re\u00fane Conselhos Regionais de Psicologia da regi\u00e3o em Fortaleza\">CRP-11 sedia IX F\u00f3rum Nordeste de Diretorias e re\u00fane Conselhos Regionais de Psicologia da regi\u00e3o em Fortaleza<\/a><\/h2><\/header><div class=\"eael-entry-header-after\"><div class=\"eael-entry-meta\"><span class=\"eael-posted-on\"><time datetime=\"2 de dezembro de 2025\">2 de dezembro de 2025<\/time><\/span><\/div><\/div><div class=\"eael-entry-content\">\n                        <div class=\"eael-grid-post-excerpt\"><p>\u00a0 \u00a0 O Conselho Regional de Psicologia do Cear\u00e1 (CRP-11)...<\/p><a href=\"https:\/\/crp11.org.br\/?p=5753\" class=\"eael-post-elements-readmore-btn\">Leia mais...<\/a><\/div>\n                    <\/div><\/div><\/div>\n        <\/div>\n    <\/article><\/div>\n            <div class=\"clearfix\"><\/div>\n        <\/div>            <div class=\"eael-load-more-button-wrap\">\n                <button class=\"eael-load-more-button\" id=\"eael-load-more-btn-2493936\" data-widget-id=\"2493936\" data-widget=\"2493936\" data-page-id=\"233\" data-template=\"{&quot;dir&quot;:&quot;lite&quot;,&quot;file_name&quot;:&quot;default.php&quot;,&quot;name&quot;:&quot;Post-Grid&quot;}\" data-class=\"Essential_Addons_Elementor\\Elements\\Post_Grid\" data-layout=\"masonry\" data-page=\"1\" data-args=\"orderby=date&amp;order=desc&amp;ignore_sticky_posts=1&amp;post_status=publish&amp;posts_per_page=8&amp;offset=0&amp;post_type=post&amp;tax_query%5B0%5D%5Btaxonomy%5D=category&amp;tax_query%5B0%5D%5Bfield%5D=term_id&amp;tax_query%5B0%5D%5Bterms%5D%5B0%5D=4&amp;tax_query%5Brelation%5D=AND\" data-max-page=\"27\">\n                    <span class=\"eael-btn-loader button__loader\"><\/span>\n                    <span class=\"eael_load_more_text\">Veja Mais...<\/span>\n                <\/button>\n            <\/div>\n            \t\t\t\t<\/div>\n\t\t\t\t<\/div>\n\t\t\t\t\t<\/div>\n\t\t<\/div>\n\t\t\t\t\t<\/div>\n\t\t<\/section>\n\t\t\t\t<\/div>\n\t\t","protected":false},"excerpt":{"rendered":"<p>Not\u00edcias e Eventos Reuni\u00e3o com a comiss\u00e3o de avalia\u00e7\u00e3o psicol\u00f3gica 12 de abril de 2024 Neste s\u00e1bado (20\/04) nos encontraremos para conversar sobre avalia\u00e7\u00e3o psicol\u00f3gica&#8230;. Leia mais&#8230; 1\u00ba Col\u00f3quio Transdisciplinar [&hellip;]<\/p>\n","protected":false},"author":1,"featured_media":0,"comment_status":"open","ping_status":"open","sticky":false,"template":"elementor_header_footer","format":"standard","meta":{"footnotes":""},"categories":[1],"tags":[],"class_list":["post-233","post","type-post","status-publish","format-standard","hentry","category-sem-categoria"],"_links":{"self":[{"href":"https:\/\/crp11.org.br\/index.php?rest_route=\/wp\/v2\/posts\/233","targetHints":{"allow":["GET"]}}],"collection":[{"href":"https:\/\/crp11.org.br\/index.php?rest_route=\/wp\/v2\/posts"}],"about":[{"href":"https:\/\/crp11.org.br\/index.php?rest_route=\/wp\/v2\/types\/post"}],"author":[{"embeddable":true,"href":"https:\/\/crp11.org.br\/index.php?rest_route=\/wp\/v2\/users\/1"}],"replies":[{"embeddable":true,"href":"https:\/\/crp11.org.br\/index.php?rest_route=%2Fwp%2Fv2%2Fcomments&post=233"}],"version-history":[{"count":28,"href":"https:\/\/crp11.org.br\/index.php?rest_route=\/wp\/v2\/posts\/233\/revisions"}],"predecessor-version":[{"id":4304,"href":"https:\/\/crp11.org.br\/index.php?rest_route=\/wp\/v2\/posts\/233\/revisions\/4304"}],"wp:attachment":[{"href":"https:\/\/crp11.org.br\/index.php?rest_route=%2Fwp%2Fv2%2Fmedia&parent=233"}],"wp:term":[{"taxonomy":"category","embeddable":true,"href":"https:\/\/crp11.org.br\/index.php?rest_route=%2Fwp%2Fv2%2Fcategories&post=233"},{"taxonomy":"post_tag","embeddable":true,"href":"https:\/\/crp11.org.br\/index.php?rest_route=%2Fwp%2Fv2%2Ftags&post=233"}],"curies":[{"name":"wp","href":"https:\/\/api.w.org\/{rel}","templated":true}]}}