{"id":3207,"date":"2022-12-30T17:11:49","date_gmt":"2022-12-30T20:11:49","guid":{"rendered":"https:\/\/crp11.org.br\/?p=3207"},"modified":"2023-03-24T11:02:30","modified_gmt":"2023-03-24T14:02:30","slug":"confira-a-composicao-do-xi-plenario","status":"publish","type":"post","link":"https:\/\/crp11.org.br\/?p=3207","title":{"rendered":"Confira a composi\u00e7\u00e3o do XI Plen\u00e1rio do Conselho Regional de Psicologia da 11\u00aa Regi\u00e3o"},"content":{"rendered":"\t\t<div data-elementor-type=\"wp-post\" data-elementor-id=\"3207\" class=\"elementor elementor-3207\" data-elementor-post-type=\"post\">\n\t\t\t\t\t\t<section class=\"elementor-section elementor-top-section elementor-element elementor-element-a003a87 elementor-section-boxed elementor-section-height-default elementor-section-height-default\" data-id=\"a003a87\" data-element_type=\"section\">\n\t\t\t\t\t\t<div class=\"elementor-container elementor-column-gap-default\">\n\t\t\t\t\t<div class=\"elementor-column elementor-col-100 elementor-top-column elementor-element elementor-element-ea0c496\" data-id=\"ea0c496\" data-element_type=\"column\">\n\t\t\t<div class=\"elementor-widget-wrap elementor-element-populated\">\n\t\t\t\t\t\t<div class=\"elementor-element elementor-element-91eeaed elementor-widget elementor-widget-heading\" data-id=\"91eeaed\" data-element_type=\"widget\" data-widget_type=\"heading.default\">\n\t\t\t\t<div class=\"elementor-widget-container\">\n\t\t\t\t\t<h2 class=\"elementor-heading-title elementor-size-default\">Confira a composi\u00e7\u00e3o do XI Plen\u00e1rio do Conselho Regional de Psicologia da 11\u00aa Regi\u00e3o<\/h2>\t\t\t\t<\/div>\n\t\t\t\t<\/div>\n\t\t\t\t\t<\/div>\n\t\t<\/div>\n\t\t\t\t\t<\/div>\n\t\t<\/section>\n\t\t\t\t<section class=\"elementor-section elementor-top-section elementor-element elementor-element-8bc9f21 elementor-section-boxed elementor-section-height-default elementor-section-height-default\" data-id=\"8bc9f21\" data-element_type=\"section\">\n\t\t\t\t\t\t<div class=\"elementor-container elementor-column-gap-default\">\n\t\t\t\t\t<div class=\"elementor-column elementor-col-50 elementor-top-column elementor-element elementor-element-cd7355a\" data-id=\"cd7355a\" data-element_type=\"column\">\n\t\t\t<div class=\"elementor-widget-wrap elementor-element-populated\">\n\t\t\t\t\t\t<div class=\"elementor-element elementor-element-b190ab4 elementor-widget elementor-widget-image\" data-id=\"b190ab4\" data-element_type=\"widget\" data-widget_type=\"image.default\">\n\t\t\t\t<div class=\"elementor-widget-container\">\n\t\t\t\t\t\t\t\t\t\t\t\t\t\t\t<img fetchpriority=\"high\" decoding=\"async\" width=\"800\" height=\"800\" src=\"https:\/\/crp11.org.br\/wp-content\/uploads\/2022\/12\/Snapinsta.app_1080_323164223_556676209651005_1530752040521004837_n-1024x1024.jpg\" class=\"attachment-large size-large wp-image-3208\" alt=\"\" srcset=\"https:\/\/crp11.org.br\/wp-content\/uploads\/2022\/12\/Snapinsta.app_1080_323164223_556676209651005_1530752040521004837_n-1024x1024.jpg 1024w, https:\/\/crp11.org.br\/wp-content\/uploads\/2022\/12\/Snapinsta.app_1080_323164223_556676209651005_1530752040521004837_n-300x300.jpg 300w, https:\/\/crp11.org.br\/wp-content\/uploads\/2022\/12\/Snapinsta.app_1080_323164223_556676209651005_1530752040521004837_n-150x150.jpg 150w, https:\/\/crp11.org.br\/wp-content\/uploads\/2022\/12\/Snapinsta.app_1080_323164223_556676209651005_1530752040521004837_n-768x768.jpg 768w, https:\/\/crp11.org.br\/wp-content\/uploads\/2022\/12\/Snapinsta.app_1080_323164223_556676209651005_1530752040521004837_n.jpg 1080w\" sizes=\"(max-width: 800px) 100vw, 800px\" \/>\t\t\t\t\t\t\t\t\t\t\t\t\t\t\t<\/div>\n\t\t\t\t<\/div>\n\t\t\t\t\t<\/div>\n\t\t<\/div>\n\t\t\t\t<div class=\"elementor-column elementor-col-50 elementor-top-column elementor-element elementor-element-954dcda\" data-id=\"954dcda\" data-element_type=\"column\">\n\t\t\t<div class=\"elementor-widget-wrap elementor-element-populated\">\n\t\t\t\t\t\t<div class=\"elementor-element elementor-element-233423d elementor-widget elementor-widget-text-editor\" data-id=\"233423d\" data-element_type=\"widget\" data-widget_type=\"text-editor.default\">\n\t\t\t\t<div class=\"elementor-widget-container\">\n\t\t\t\t\t\t\t\t\t<p><span style=\"color: #262626; font-family: -apple-system, BlinkMacSystemFont, 'Segoe UI', Roboto, Helvetica, Arial, sans-serif; font-size: 14px; font-weight: var( --e-global-typography-text-font-weight );\">A nova gest\u00e3o do CRP-11 completa 3 meses. Aproveitamos a oportunidade para finalizar o ano refor\u00e7ando nosso compromisso em tornar o Conselho, cada vez mais, de portas abertas para todas, todes e todos.<\/span><\/p><p><br style=\"color: #262626; font-family: -apple-system, BlinkMacSystemFont, 'Segoe UI', Roboto, Helvetica, Arial, sans-serif; font-size: 14px;\" \/><span style=\"color: #262626; font-family: -apple-system, BlinkMacSystemFont, 'Segoe UI', Roboto, Helvetica, Arial, sans-serif; font-size: 14px;\">Feliz Ano Novo!<\/span><br style=\"color: #262626; font-family: -apple-system, BlinkMacSystemFont, 'Segoe UI', Roboto, Helvetica, Arial, sans-serif; font-size: 14px;\" \/><br style=\"color: #262626; font-family: -apple-system, BlinkMacSystemFont, 'Segoe UI', Roboto, Helvetica, Arial, sans-serif; font-size: 14px;\" \/><span style=\"color: #262626; font-family: -apple-system, BlinkMacSystemFont, 'Segoe UI', Roboto, Helvetica, Arial, sans-serif; font-size: 14px;\">Confira a composi\u00e7\u00e3o do XI Plen\u00e1rio do Conselho Regional de Psicologia da 11\u00aa Regi\u00e3o e sinta-se abra\u00e7ada por n\u00f3s.<\/span><br style=\"color: #262626; font-family: -apple-system, BlinkMacSystemFont, 'Segoe UI', Roboto, Helvetica, Arial, sans-serif; font-size: 14px;\" \/><br style=\"color: #262626; font-family: -apple-system, BlinkMacSystemFont, 'Segoe UI', Roboto, Helvetica, Arial, sans-serif; font-size: 14px;\" \/><span style=\"color: #262626; font-family: -apple-system, BlinkMacSystemFont, 'Segoe UI', Roboto, Helvetica, Arial, sans-serif; font-size: 14px;\">Niveamara Sidrac Lima Barroso &#8211; Presidente (a)<\/span><br style=\"color: #262626; font-family: -apple-system, BlinkMacSystemFont, 'Segoe UI', Roboto, Helvetica, Arial, sans-serif; font-size: 14px;\" \/><span style=\"color: #262626; font-family: -apple-system, BlinkMacSystemFont, 'Segoe UI', Roboto, Helvetica, Arial, sans-serif; font-size: 14px;\">Francisco The\u00f3filo Oliveira Gravinis &#8211; Vice-Presidente (a)<\/span><br style=\"color: #262626; font-family: -apple-system, BlinkMacSystemFont, 'Segoe UI', Roboto, Helvetica, Arial, sans-serif; font-size: 14px;\" \/><span style=\"color: #262626; font-family: -apple-system, BlinkMacSystemFont, 'Segoe UI', Roboto, Helvetica, Arial, sans-serif; font-size: 14px;\">Simone Maria Santos Lima &#8211; Tesoureira (o)<\/span><br style=\"color: #262626; font-family: -apple-system, BlinkMacSystemFont, 'Segoe UI', Roboto, Helvetica, Arial, sans-serif; font-size: 14px;\" \/><span style=\"color: #262626; font-family: -apple-system, BlinkMacSystemFont, 'Segoe UI', Roboto, Helvetica, Arial, sans-serif; font-size: 14px;\">Andr\u00e9a Esmeraldo C\u00e2mara &#8211; Secret\u00e1ria (o)<\/span><br style=\"color: #262626; font-family: -apple-system, BlinkMacSystemFont, 'Segoe UI', Roboto, Helvetica, Arial, sans-serif; font-size: 14px;\" \/><span style=\"color: #262626; font-family: -apple-system, BlinkMacSystemFont, 'Segoe UI', Roboto, Helvetica, Arial, sans-serif; font-size: 14px;\">Ana Kristia da Silva Martins &#8211; Efetiva (o)<\/span><br style=\"color: #262626; font-family: -apple-system, BlinkMacSystemFont, 'Segoe UI', Roboto, Helvetica, Arial, sans-serif; font-size: 14px;\" \/><span style=\"color: #262626; font-family: -apple-system, BlinkMacSystemFont, 'Segoe UI', Roboto, Helvetica, Arial, sans-serif; font-size: 14px;\">Jorge Luiz Pereira e Silva &#8211; Efetivo (a)<\/span><br style=\"color: #262626; font-family: -apple-system, BlinkMacSystemFont, 'Segoe UI', Roboto, Helvetica, Arial, sans-serif; font-size: 14px;\" \/><span style=\"color: #262626; font-family: -apple-system, BlinkMacSystemFont, 'Segoe UI', Roboto, Helvetica, Arial, sans-serif; font-size: 14px;\">Georgiana de Alencar Portela &#8211; Efetiva (o)<\/span><br style=\"color: #262626; font-family: -apple-system, BlinkMacSystemFont, 'Segoe UI', Roboto, Helvetica, Arial, sans-serif; font-size: 14px;\" \/><span style=\"color: #262626; font-family: -apple-system, BlinkMacSystemFont, 'Segoe UI', Roboto, Helvetica, Arial, sans-serif; font-size: 14px;\">Juliana Maria Vieira de Holanda Magalh\u00e3es &#8211; Efetiva (o)<\/span><br style=\"color: #262626; font-family: -apple-system, BlinkMacSystemFont, 'Segoe UI', Roboto, Helvetica, Arial, sans-serif; font-size: 14px;\" \/><span style=\"color: #262626; font-family: -apple-system, BlinkMacSystemFont, 'Segoe UI', Roboto, Helvetica, Arial, sans-serif; font-size: 14px;\">Driele Venancio da Silva Sousa &#8211; Efetiva (o)<\/span><br style=\"color: #262626; font-family: -apple-system, BlinkMacSystemFont, 'Segoe UI', Roboto, Helvetica, Arial, sans-serif; font-size: 14px;\" \/><span style=\"color: #262626; font-family: -apple-system, BlinkMacSystemFont, 'Segoe UI', Roboto, Helvetica, Arial, sans-serif; font-size: 14px;\">Katiana Faria Batista de Moura &#8211; Efetiva (o)<\/span><br style=\"color: #262626; font-family: -apple-system, BlinkMacSystemFont, 'Segoe UI', Roboto, Helvetica, Arial, sans-serif; font-size: 14px;\" \/><span style=\"color: #262626; font-family: -apple-system, BlinkMacSystemFont, 'Segoe UI', Roboto, Helvetica, Arial, sans-serif; font-size: 14px;\">Idalicia Araujo Estrela Rodrigues &#8211; Efetiva (o)<\/span><br style=\"color: #262626; font-family: -apple-system, BlinkMacSystemFont, 'Segoe UI', Roboto, Helvetica, Arial, sans-serif; font-size: 14px;\" \/><span style=\"color: #262626; font-family: -apple-system, BlinkMacSystemFont, 'Segoe UI', Roboto, Helvetica, Arial, sans-serif; font-size: 14px;\">Madeline Abreu Monteiro &#8211; Efetiva (o)<\/span><br style=\"color: #262626; font-family: -apple-system, BlinkMacSystemFont, 'Segoe UI', Roboto, Helvetica, Arial, sans-serif; font-size: 14px;\" \/><span style=\"color: #262626; font-family: -apple-system, BlinkMacSystemFont, 'Segoe UI', Roboto, Helvetica, Arial, sans-serif; font-size: 14px;\">Felipe Coura Rocha &#8211; Efetivo (a)<\/span><br style=\"color: #262626; font-family: -apple-system, BlinkMacSystemFont, 'Segoe UI', Roboto, Helvetica, Arial, sans-serif; font-size: 14px;\" \/><span style=\"color: #262626; font-family: -apple-system, BlinkMacSystemFont, 'Segoe UI', Roboto, Helvetica, Arial, sans-serif; font-size: 14px;\">Roberta Araujo da Silva &#8211; Suplente 1<\/span><br style=\"color: #262626; font-family: -apple-system, BlinkMacSystemFont, 'Segoe UI', Roboto, Helvetica, Arial, sans-serif; font-size: 14px;\" \/><span style=\"color: #262626; font-family: -apple-system, BlinkMacSystemFont, 'Segoe UI', Roboto, Helvetica, Arial, sans-serif; font-size: 14px;\">Nat\u00e1lia de Sousa Martins &#8211; Suplente 2<\/span><br style=\"color: #262626; font-family: -apple-system, BlinkMacSystemFont, 'Segoe UI', Roboto, Helvetica, Arial, sans-serif; font-size: 14px;\" \/><span style=\"color: #262626; font-family: -apple-system, BlinkMacSystemFont, 'Segoe UI', Roboto, Helvetica, Arial, sans-serif; font-size: 14px;\">Ivan Nogueira dos Santos Junior &#8211; Suplente 3<\/span><br style=\"color: #262626; font-family: -apple-system, BlinkMacSystemFont, 'Segoe UI', Roboto, Helvetica, Arial, sans-serif; font-size: 14px;\" \/><span style=\"color: #262626; font-family: -apple-system, BlinkMacSystemFont, 'Segoe UI', Roboto, Helvetica, Arial, sans-serif; font-size: 14px;\">Raimunda Maria de Andrade &#8211; Suplente 4<\/span><br style=\"color: #262626; font-family: -apple-system, BlinkMacSystemFont, 'Segoe UI', Roboto, Helvetica, Arial, sans-serif; font-size: 14px;\" \/><span style=\"color: #262626; font-family: -apple-system, BlinkMacSystemFont, 'Segoe UI', Roboto, Helvetica, Arial, sans-serif; font-size: 14px;\">Adjanilson Moreira dos Santos &#8211; Suplente 5<\/span><br style=\"color: #262626; font-family: -apple-system, BlinkMacSystemFont, 'Segoe UI', Roboto, Helvetica, Arial, sans-serif; font-size: 14px;\" \/><span style=\"color: #262626; font-family: -apple-system, BlinkMacSystemFont, 'Segoe UI', Roboto, Helvetica, Arial, sans-serif; font-size: 14px;\">Natacha Farias Xavier &#8211; Suplente 6<\/span><br style=\"color: #262626; font-family: -apple-system, BlinkMacSystemFont, 'Segoe UI', Roboto, Helvetica, Arial, sans-serif; font-size: 14px;\" \/><span style=\"color: #262626; font-family: -apple-system, BlinkMacSystemFont, 'Segoe UI', Roboto, Helvetica, Arial, sans-serif; font-size: 14px;\">Juliana Linhares Cavalcanti de Alencar &#8211; Suplente 7<\/span><br style=\"color: #262626; font-family: -apple-system, BlinkMacSystemFont, 'Segoe UI', Roboto, Helvetica, Arial, sans-serif; font-size: 14px;\" \/><span style=\"color: #262626; font-family: -apple-system, BlinkMacSystemFont, 'Segoe UI', Roboto, Helvetica, Arial, sans-serif; font-size: 14px;\">Elaine Maria Barbosa Cardoso &#8211; Suplente 8<\/span><br style=\"color: #262626; font-family: -apple-system, BlinkMacSystemFont, 'Segoe UI', Roboto, Helvetica, Arial, sans-serif; font-size: 14px;\" \/><span style=\"color: #262626; font-family: -apple-system, BlinkMacSystemFont, 'Segoe UI', Roboto, Helvetica, Arial, sans-serif; font-size: 14px;\">Bruna Fabr\u00edcia Barboza Leit\u00e3o &#8211; Suplente 9<\/span><br style=\"color: #262626; font-family: -apple-system, BlinkMacSystemFont, 'Segoe UI', Roboto, Helvetica, Arial, sans-serif; font-size: 14px;\" \/><span style=\"color: #262626; font-family: -apple-system, BlinkMacSystemFont, 'Segoe UI', Roboto, Helvetica, Arial, sans-serif; font-size: 14px;\">Fernanda C\u00e2ndido Santos &#8211; Suplente 10<\/span><br style=\"color: #262626; font-family: -apple-system, BlinkMacSystemFont, 'Segoe UI', Roboto, Helvetica, Arial, sans-serif; font-size: 14px;\" \/><span style=\"color: #262626; font-family: -apple-system, BlinkMacSystemFont, 'Segoe UI', Roboto, Helvetica, Arial, sans-serif; font-size: 14px;\">Daniela Sofia Ribeiro Sales &#8211; Suplente 11<\/span><br style=\"color: #262626; font-family: -apple-system, BlinkMacSystemFont, 'Segoe UI', Roboto, Helvetica, Arial, sans-serif; font-size: 14px;\" \/><span style=\"color: #262626; font-family: -apple-system, BlinkMacSystemFont, 'Segoe UI', Roboto, Helvetica, Arial, sans-serif; font-size: 14px;\">Francisca Aparecida Pereira Brito &#8211; Suplente 12<\/span><br style=\"color: #262626; font-family: -apple-system, BlinkMacSystemFont, 'Segoe UI', Roboto, Helvetica, Arial, sans-serif; font-size: 14px;\" \/><span style=\"color: #262626; font-family: -apple-system, BlinkMacSystemFont, 'Segoe UI', Roboto, Helvetica, Arial, sans-serif; font-size: 14px;\">Thyago Castro Bezerra Luna &#8211; Suplente 13<\/span><\/p>\t\t\t\t\t\t\t\t<\/div>\n\t\t\t\t<\/div>\n\t\t\t\t\t<\/div>\n\t\t<\/div>\n\t\t\t\t\t<\/div>\n\t\t<\/section>\n\t\t\t\t<\/div>\n\t\t","protected":false},"excerpt":{"rendered":"<p>Confira a composi\u00e7\u00e3o do XI Plen\u00e1rio do Conselho Regional de Psicologia da 11\u00aa Regi\u00e3o A nova gest\u00e3o do CRP-11 completa 3 meses. Aproveitamos a oportunidade para finalizar o ano refor\u00e7ando [&hellip;]<\/p>\n","protected":false},"author":4,"featured_media":3208,"comment_status":"closed","ping_status":"open","sticky":false,"template":"elementor_header_footer","format":"standard","meta":{"footnotes":""},"categories":[4,1,5],"tags":[],"class_list":["post-3207","post","type-post","status-publish","format-standard","has-post-thumbnail","hentry","category-noticias","category-sem-categoria","category-slide1"],"_links":{"self":[{"href":"https:\/\/crp11.org.br\/index.php?rest_route=\/wp\/v2\/posts\/3207","targetHints":{"allow":["GET"]}}],"collection":[{"href":"https:\/\/crp11.org.br\/index.php?rest_route=\/wp\/v2\/posts"}],"about":[{"href":"https:\/\/crp11.org.br\/index.php?rest_route=\/wp\/v2\/types\/post"}],"author":[{"embeddable":true,"href":"https:\/\/crp11.org.br\/index.php?rest_route=\/wp\/v2\/users\/4"}],"replies":[{"embeddable":true,"href":"https:\/\/crp11.org.br\/index.php?rest_route=%2Fwp%2Fv2%2Fcomments&post=3207"}],"version-history":[{"count":11,"href":"https:\/\/crp11.org.br\/index.php?rest_route=\/wp\/v2\/posts\/3207\/revisions"}],"predecessor-version":[{"id":3375,"href":"https:\/\/crp11.org.br\/index.php?rest_route=\/wp\/v2\/posts\/3207\/revisions\/3375"}],"wp:featuredmedia":[{"embeddable":true,"href":"https:\/\/crp11.org.br\/index.php?rest_route=\/wp\/v2\/media\/3208"}],"wp:attachment":[{"href":"https:\/\/crp11.org.br\/index.php?rest_route=%2Fwp%2Fv2%2Fmedia&parent=3207"}],"wp:term":[{"taxonomy":"category","embeddable":true,"href":"https:\/\/crp11.org.br\/index.php?rest_route=%2Fwp%2Fv2%2Fcategories&post=3207"},{"taxonomy":"post_tag","embeddable":true,"href":"https:\/\/crp11.org.br\/index.php?rest_route=%2Fwp%2Fv2%2Ftags&post=3207"}],"curies":[{"name":"wp","href":"https:\/\/api.w.org\/{rel}","templated":true}]}}