{"id":5753,"date":"2025-12-02T12:34:42","date_gmt":"2025-12-02T15:34:42","guid":{"rendered":"https:\/\/crp11.org.br\/?p=5753"},"modified":"2025-12-02T12:36:18","modified_gmt":"2025-12-02T15:36:18","slug":"crp-11-sedia-ix-forum-nordeste-de-diretorias-e-reune-conselhos-regionais-de-psicologia-da-regiao-em-fortaleza","status":"publish","type":"post","link":"https:\/\/crp11.org.br\/?p=5753","title":{"rendered":"CRP-11 sedia IX F\u00f3rum Nordeste de Diretorias e re\u00fane Conselhos Regionais de Psicologia da regi\u00e3o em Fortaleza"},"content":{"rendered":"\t\t<div data-elementor-type=\"wp-post\" data-elementor-id=\"5753\" class=\"elementor elementor-5753\" data-elementor-post-type=\"post\">\n\t\t\t\t\t\t<section class=\"elementor-section elementor-top-section elementor-element elementor-element-a003a87 elementor-section-boxed elementor-section-height-default elementor-section-height-default\" data-id=\"a003a87\" data-element_type=\"section\">\n\t\t\t\t\t\t<div class=\"elementor-container elementor-column-gap-default\">\n\t\t\t\t\t<div class=\"elementor-column elementor-col-100 elementor-top-column elementor-element elementor-element-ea0c496\" data-id=\"ea0c496\" data-element_type=\"column\">\n\t\t\t<div class=\"elementor-widget-wrap elementor-element-populated\">\n\t\t\t\t\t\t<div class=\"elementor-element elementor-element-91eeaed elementor-widget elementor-widget-heading\" data-id=\"91eeaed\" data-element_type=\"widget\" data-widget_type=\"heading.default\">\n\t\t\t\t<div class=\"elementor-widget-container\">\n\t\t\t\t\t<h2 class=\"elementor-heading-title elementor-size-default\">CRP-11 sedia IX F\u00f3rum Nordeste de Diretorias e re\u00fane Conselhos Regionais de Psicologia da regi\u00e3o em Fortaleza<\/h2>\t\t\t\t<\/div>\n\t\t\t\t<\/div>\n\t\t\t\t\t<\/div>\n\t\t<\/div>\n\t\t\t\t\t<\/div>\n\t\t<\/section>\n\t\t\t\t<section class=\"elementor-section elementor-top-section elementor-element elementor-element-74e9749 elementor-section-boxed elementor-section-height-default elementor-section-height-default\" data-id=\"74e9749\" data-element_type=\"section\">\n\t\t\t\t\t\t<div class=\"elementor-container elementor-column-gap-default\">\n\t\t\t\t\t<div class=\"elementor-column elementor-col-100 elementor-top-column elementor-element elementor-element-af21812\" data-id=\"af21812\" data-element_type=\"column\">\n\t\t\t<div class=\"elementor-widget-wrap elementor-element-populated\">\n\t\t\t\t\t\t<section class=\"elementor-section elementor-inner-section elementor-element elementor-element-edf54a6 elementor-section-boxed elementor-section-height-default elementor-section-height-default\" data-id=\"edf54a6\" data-element_type=\"section\">\n\t\t\t\t\t\t<div class=\"elementor-container elementor-column-gap-default\">\n\t\t\t\t\t<div class=\"elementor-column elementor-col-100 elementor-inner-column elementor-element elementor-element-a9b7c7b\" data-id=\"a9b7c7b\" data-element_type=\"column\">\n\t\t\t<div class=\"elementor-widget-wrap elementor-element-populated\">\n\t\t\t\t\t\t<div class=\"elementor-element elementor-element-7b9bde7 elementor-widget elementor-widget-text-editor\" data-id=\"7b9bde7\" data-element_type=\"widget\" data-widget_type=\"text-editor.default\">\n\t\t\t\t<div class=\"elementor-widget-container\">\n\t\t\t\t\t\t\t\t\t<p><img fetchpriority=\"high\" decoding=\"async\" class=\"alignnone size-medium wp-image-5756\" src=\"https:\/\/crp11.org.br\/wp-content\/uploads\/2025\/12\/Imagem-do-WhatsApp-de-2025-12-02-as-11.43.21_2b5848ab-300x225.jpg\" alt=\"\" width=\"300\" height=\"225\" srcset=\"https:\/\/crp11.org.br\/wp-content\/uploads\/2025\/12\/Imagem-do-WhatsApp-de-2025-12-02-as-11.43.21_2b5848ab-300x225.jpg 300w, https:\/\/crp11.org.br\/wp-content\/uploads\/2025\/12\/Imagem-do-WhatsApp-de-2025-12-02-as-11.43.21_2b5848ab-1024x768.jpg 1024w, https:\/\/crp11.org.br\/wp-content\/uploads\/2025\/12\/Imagem-do-WhatsApp-de-2025-12-02-as-11.43.21_2b5848ab-768x576.jpg 768w, https:\/\/crp11.org.br\/wp-content\/uploads\/2025\/12\/Imagem-do-WhatsApp-de-2025-12-02-as-11.43.21_2b5848ab-1536x1152.jpg 1536w, https:\/\/crp11.org.br\/wp-content\/uploads\/2025\/12\/Imagem-do-WhatsApp-de-2025-12-02-as-11.43.21_2b5848ab.jpg 1600w\" sizes=\"(max-width: 300px) 100vw, 300px\" \/> <img decoding=\"async\" class=\"alignnone size-medium wp-image-5757\" src=\"https:\/\/crp11.org.br\/wp-content\/uploads\/2025\/12\/Imagem-do-WhatsApp-de-2025-12-02-as-11.43.30_3859d2e5-225x300.jpg\" alt=\"\" width=\"225\" height=\"300\" srcset=\"https:\/\/crp11.org.br\/wp-content\/uploads\/2025\/12\/Imagem-do-WhatsApp-de-2025-12-02-as-11.43.30_3859d2e5-225x300.jpg 225w, https:\/\/crp11.org.br\/wp-content\/uploads\/2025\/12\/Imagem-do-WhatsApp-de-2025-12-02-as-11.43.30_3859d2e5-768x1024.jpg 768w, https:\/\/crp11.org.br\/wp-content\/uploads\/2025\/12\/Imagem-do-WhatsApp-de-2025-12-02-as-11.43.30_3859d2e5-1152x1536.jpg 1152w, https:\/\/crp11.org.br\/wp-content\/uploads\/2025\/12\/Imagem-do-WhatsApp-de-2025-12-02-as-11.43.30_3859d2e5.jpg 1200w\" sizes=\"(max-width: 225px) 100vw, 225px\" \/> <img decoding=\"async\" class=\"alignnone size-medium wp-image-5758\" src=\"https:\/\/crp11.org.br\/wp-content\/uploads\/2025\/12\/Imagem-do-WhatsApp-de-2025-12-02-as-11.42.11_7890f9d6-1-300x225.jpg\" alt=\"\" width=\"300\" height=\"225\" srcset=\"https:\/\/crp11.org.br\/wp-content\/uploads\/2025\/12\/Imagem-do-WhatsApp-de-2025-12-02-as-11.42.11_7890f9d6-1-300x225.jpg 300w, https:\/\/crp11.org.br\/wp-content\/uploads\/2025\/12\/Imagem-do-WhatsApp-de-2025-12-02-as-11.42.11_7890f9d6-1-1024x768.jpg 1024w, https:\/\/crp11.org.br\/wp-content\/uploads\/2025\/12\/Imagem-do-WhatsApp-de-2025-12-02-as-11.42.11_7890f9d6-1-768x576.jpg 768w, https:\/\/crp11.org.br\/wp-content\/uploads\/2025\/12\/Imagem-do-WhatsApp-de-2025-12-02-as-11.42.11_7890f9d6-1.jpg 1280w\" sizes=\"(max-width: 300px) 100vw, 300px\" \/>\u00a0 \u00a0<\/p><p>O Conselho Regional de Psicologia do Cear\u00e1 (CRP-11) sediou, nos dias 29 e 30 de novembro de 2025, o IX F\u00f3rum Nordeste de Diretorias (FONED), encontro que reuniu representantes de Conselhos Regionais de Psicologia do Nordeste no Hotel Beira Mar, em Fortaleza. O evento refor\u00e7ou o compromisso das gest\u00f5es regionais com o fortalecimento da Psicologia enquanto ci\u00eancia e profiss\u00e3o, al\u00e9m de promover alinhamentos estrat\u00e9gicos sobre temas fundamentais da \u00e1rea.<\/p><p>Durante os dois dias de programa\u00e7\u00e3o, as diretorias discutiram pautas pol\u00edticas, administrativas e institucionais que ser\u00e3o levadas \u00e0 pr\u00f3xima edi\u00e7\u00e3o da Assembleia de Pol\u00edticas, da Administra\u00e7\u00e3o e das Finan\u00e7as (APAF). O FONED tamb\u00e9m possibilitou o compartilhamento de experi\u00eancias entre os Conselhos, a atualiza\u00e7\u00e3o sobre trabalhos dos Grupos de Trabalho (GTs) regionais e o avan\u00e7o de discuss\u00f5es iniciadas em f\u00f3runs anteriores.<\/p><p>A abertura contou com a recep\u00e7\u00e3o das delega\u00e7\u00f5es e uma apresenta\u00e7\u00e3o cultural, marcando o in\u00edcio das atividades. Entre os temas abordados estiveram a defini\u00e7\u00e3o de encaminhamentos conjuntos, o debate sobre pontos de interesse regional e a escolha da data e do local da pr\u00f3xima edi\u00e7\u00e3o do F\u00f3rum.<\/p><p>A participa\u00e7\u00e3o dos CRPs nordestinos refor\u00e7a a import\u00e2ncia do FONED como espa\u00e7o de articula\u00e7\u00e3o permanente, contribuindo para decis\u00f5es mais integradas e efetivas na atua\u00e7\u00e3o dos Conselhos.<\/p><p>Com a realiza\u00e7\u00e3o do encontro, o CRP-11 reafirma seu papel ativo na articula\u00e7\u00e3o entre os regionais, fortalecendo o di\u00e1logo institucional e colaborando para o aprimoramento cont\u00ednuo das pol\u00edticas que orientam o exerc\u00edcio profissional da Psicologia\u00a0no\u00a0Nordeste.<\/p>\t\t\t\t\t\t\t\t<\/div>\n\t\t\t\t<\/div>\n\t\t\t\t\t<\/div>\n\t\t<\/div>\n\t\t\t\t\t<\/div>\n\t\t<\/section>\n\t\t\t\t\t<\/div>\n\t\t<\/div>\n\t\t\t\t\t<\/div>\n\t\t<\/section>\n\t\t\t\t<\/div>\n\t\t","protected":false},"excerpt":{"rendered":"<p>\u00a0 \u00a0 O Conselho Regional de Psicologia do Cear\u00e1 (CRP-11) sediou, nos dias 29 e 30 de novembro de 2025, o IX F\u00f3rum Nordeste de Diretorias (FONED), encontro que reuniu [&hellip;]<\/p>\n","protected":false},"author":6,"featured_media":5754,"comment_status":"closed","ping_status":"open","sticky":false,"template":"elementor_header_footer","format":"standard","meta":{"footnotes":""},"categories":[4],"tags":[],"class_list":["post-5753","post","type-post","status-publish","format-standard","has-post-thumbnail","hentry","category-noticias"],"_links":{"self":[{"href":"https:\/\/crp11.org.br\/index.php?rest_route=\/wp\/v2\/posts\/5753","targetHints":{"allow":["GET"]}}],"collection":[{"href":"https:\/\/crp11.org.br\/index.php?rest_route=\/wp\/v2\/posts"}],"about":[{"href":"https:\/\/crp11.org.br\/index.php?rest_route=\/wp\/v2\/types\/post"}],"author":[{"embeddable":true,"href":"https:\/\/crp11.org.br\/index.php?rest_route=\/wp\/v2\/users\/6"}],"replies":[{"embeddable":true,"href":"https:\/\/crp11.org.br\/index.php?rest_route=%2Fwp%2Fv2%2Fcomments&post=5753"}],"version-history":[{"count":4,"href":"https:\/\/crp11.org.br\/index.php?rest_route=\/wp\/v2\/posts\/5753\/revisions"}],"predecessor-version":[{"id":5761,"href":"https:\/\/crp11.org.br\/index.php?rest_route=\/wp\/v2\/posts\/5753\/revisions\/5761"}],"wp:featuredmedia":[{"embeddable":true,"href":"https:\/\/crp11.org.br\/index.php?rest_route=\/wp\/v2\/media\/5754"}],"wp:attachment":[{"href":"https:\/\/crp11.org.br\/index.php?rest_route=%2Fwp%2Fv2%2Fmedia&parent=5753"}],"wp:term":[{"taxonomy":"category","embeddable":true,"href":"https:\/\/crp11.org.br\/index.php?rest_route=%2Fwp%2Fv2%2Fcategories&post=5753"},{"taxonomy":"post_tag","embeddable":true,"href":"https:\/\/crp11.org.br\/index.php?rest_route=%2Fwp%2Fv2%2Ftags&post=5753"}],"curies":[{"name":"wp","href":"https:\/\/api.w.org\/{rel}","templated":true}]}}